{"id":452,"date":"2013-01-10T05:17:50","date_gmt":"2013-01-10T05:17:50","guid":{"rendered":"https:\/\/wordpress.tokyojournal.com\/?p=452"},"modified":"2013-01-10T05:17:50","modified_gmt":"2013-01-10T05:17:50","slug":"petition-in-french","status":"publish","type":"post","link":"https:\/\/wordpress.tokyojournal.com\/?p=452","title":{"rendered":"Petition in French"},"content":{"rendered":"<div align=\"center\">\n<p style=\"font-size: 18px;\"><strong>LETTRE OUVERTE AU PR\u00c9SIDENT DES \u00c9TATS-UNIS BARACK OBAMA<\/strong><br \/> <strong>DES CITOYENS DU MONDE<\/strong><\/p>\n<\/div>\n<p><strong>Cher Pr\u00e9sident Barack Obama,<\/strong><\/p>\n<p>Quand en 2008 vous \u00eates devenu le 44\u00e8me Pr\u00e9sident des Etats-Unis d\u2019Am\u00e9rique, les esp\u00e9rances des peuples du monde \u00e9taient tr\u00e8s hautes en ce qui a trait aux changements possibles que votre pr\u00e9sidence pourrait provoquer non seulement aux Etats-Unis mais aussi dans le monde entier. Les valeurs que vous incarniez et que vous exprimiez si souvent symbolisaient aux yeux du monde une nouvelle \u00e8re de grande transformation et d\u2019initiatives os\u00e9es pour la paix mondiale.<\/p>\n<p>En octobre 2009, le Comit\u00e9 du Nobel Norv\u00e9gien concour\u00fbt avec ces esp\u00e9rances et vous a octroy\u00e9 le Prix Nobel de la Paix, \u00e9videmment non pas pour ce que vous aviez eu le temps d\u2019accomplir pour la paix du monde en moins d\u2019un an en fonction,\u00a0 mais pour les actions que les citoyens du monde anticipaient que vous pourriez stimuler au cours de votre pr\u00e9sidence.<\/p>\n<p>Le prestigieux Comit\u00e9 de prix Nobel a cit\u00e9:<\/p>\n<ul style=\"margin-left: 20px;\">\n<li style=\"list-style-type: disc;\">\u201c Le Comit\u00e9 accorde une importance sp\u00e9ciale \u00e0 la vision et au travail d\u2019Obama pour un monde sans armes nucl\u00e9aires\u201d..<\/li>\n<li style=\"list-style-type: disc;\">\u201cMerci \u00e0 l\u2019initiative d\u2019Obama, Les Etats-Unis\u00a0 jouent maintenant un r\u00f4le plus constructif pour rencontrer les grands d\u00e9fis de changement de climat que le monde confronte\u201d.\u00a0<\/li>\n<li style=\"list-style-type: disc;\">\u201cObama a comme Pr\u00e9sident cr\u00e9e un nouveau climat dans la politique internationale. La diplomatie multilat\u00e9rale a regagn\u00e9 une position centrale, avec l\u2019emphase sur le r\u00f4le que les Nations-Unies et d\u2019autres institutions internationales peuvent jouer\u00a0\u00bb.<\/li>\n<\/ul>\n<p>Nous, les citoyens du monde, recommandons que vous travailliez avec les Nations-Unies et d\u2019autres organisations internationales pour:<\/p>\n<ul style=\"margin-left: 20px;\">\n<li style=\"list-style-type: disc;\">Vous assurer que les droits fondamentaux de tous les enfants sur cette plan\u00e8te, quelle que soit leur race ou leur origine, soient respect\u00e9s,\u00a0 c\u2019est-\u00e0-dire acc\u00e8s aux services de sant\u00e9, acc\u00e8s \u00e0 la nourriture etacc\u00e8s \u00e0 l\u2018\u00e9ducation\u00a0;<\/li>\n<li style=\"list-style-type: disc;\">Promouvoir des programmes devant conduire \u00e0 un monde sans armes nucl\u00e9aires,\u00a0 qui traitent du probl\u00e8me de changement de climat et qui visent la paix internationale.<\/li>\n<\/ul>\n<p>Nous esp\u00e9rons que ces points susmentionn\u00e9s demeurentparmiles plus importants\u00a0 de votre politique \u00e9trang\u00e8re durant les quatre prochaines ann\u00e9es.\u00a0<\/p>\n<p>Monsieur le Pr\u00e9sident, \u201cMaintenant est le moment pour nous tous de prendre notre part de responsabilit\u00e9 pour une r\u00e9ponse globale aux d\u00e9fis globaux\u00a0\u00bb.<\/p>\n<p>Nous, les citoyens du monde,\u00a0 vous prie d\u2019aider le monde \u00e0 s\u2019embarquerdans une odyss\u00e9e de paix et de prosp\u00e9rit\u00e9.<\/p>\n<p>Au d\u00e9but de cette Nouvelle Ann\u00e9e 2013, veuillez recevoir, Monsieur le Pr\u00e9sident,nos souhaits fraternels de bonne sant\u00e9 et de succ\u00e8s sans faille pour vous et votre famille.<\/p>\n<p><strong>Marcel Duret. Ex Ambassadeur d\u2019Ha\u00efti\u00a0 \u00e0 Tokyo, Cr\u00e9ateur de P\u00e9tition <\/strong><\/p>\n<p><a href=\"index.php\/Petition#pet\" style=\"color: blue;\">Click to sign<\/a><\/p>\n<div id=\"__tbSetup\">\u00a0<\/div>\n","protected":false},"excerpt":{"rendered":"<p>LETTRE OUVERTE AU PR\u00c9SIDENT DES \u00c9TATS-UNIS BARACK OBAMA DES CITOYENS DU MONDE Cher Pr\u00e9sident Barack Obama, Quand en 2008 vous \u00eates devenu le 44\u00e8me Pr\u00e9sident des Etats-Unis d\u2019Am\u00e9rique, les esp\u00e9rances des peuples du monde \u00e9taient tr\u00e8s hautes en ce qui a trait aux changements possibles que votre pr\u00e9sidence pourrait provoquer non seulement aux Etats-Unis mais [&hellip;]<\/p>\n","protected":false},"author":1,"featured_media":0,"comment_status":"open","ping_status":"open","sticky":false,"template":"","format":"standard","meta":{"footnotes":""},"categories":[3],"tags":[],"class_list":["post-452","post","type-post","status-publish","format-standard","hentry","category-news"],"_links":{"self":[{"href":"https:\/\/wordpress.tokyojournal.com\/index.php?rest_route=\/wp\/v2\/posts\/452","targetHints":{"allow":["GET"]}}],"collection":[{"href":"https:\/\/wordpress.tokyojournal.com\/index.php?rest_route=\/wp\/v2\/posts"}],"about":[{"href":"https:\/\/wordpress.tokyojournal.com\/index.php?rest_route=\/wp\/v2\/types\/post"}],"author":[{"embeddable":true,"href":"https:\/\/wordpress.tokyojournal.com\/index.php?rest_route=\/wp\/v2\/users\/1"}],"replies":[{"embeddable":true,"href":"https:\/\/wordpress.tokyojournal.com\/index.php?rest_route=%2Fwp%2Fv2%2Fcomments&post=452"}],"version-history":[{"count":0,"href":"https:\/\/wordpress.tokyojournal.com\/index.php?rest_route=\/wp\/v2\/posts\/452\/revisions"}],"wp:attachment":[{"href":"https:\/\/wordpress.tokyojournal.com\/index.php?rest_route=%2Fwp%2Fv2%2Fmedia&parent=452"}],"wp:term":[{"taxonomy":"category","embeddable":true,"href":"https:\/\/wordpress.tokyojournal.com\/index.php?rest_route=%2Fwp%2Fv2%2Fcategories&post=452"},{"taxonomy":"post_tag","embeddable":true,"href":"https:\/\/wordpress.tokyojournal.com\/index.php?rest_route=%2Fwp%2Fv2%2Ftags&post=452"}],"curies":[{"name":"wp","href":"https:\/\/api.w.org\/{rel}","templated":true}]}}